{"id":3755,"date":"2025-09-12T08:26:23","date_gmt":"2025-09-12T06:26:23","guid":{"rendered":"https:\/\/eja.lu\/?p=3755"},"modified":"2025-09-12T08:26:38","modified_gmt":"2025-09-12T06:26:38","slug":"3755","status":"publish","type":"post","link":"https:\/\/eja.lu\/index.php\/2025\/09\/12\/3755\/","title":{"rendered":""},"content":{"rendered":"\n<p>L&rsquo;Assembl\u00e9e G\u00e9n\u00e9rale de l&rsquo;EJA aura lieu le 19 septembre 2025 \u00e0 19h00 \u00e0 la salle Aula \u00e0 R\u00e9dange.<\/p>\n\n\n\n<p>L&rsquo;Entente Jeunesse Atertdaul recherche des b\u00e9n\u00e9voles, que ce soit au sein du comit\u00e9, lors de tout \u00e9v\u00e8nement sportif ou match de championnat pour donner un coup de main. L&rsquo;Assembl\u00e9e G\u00e9n\u00e9rale est l&rsquo;occasion de d\u00e9couvrir notre milieu associatif.<\/p>\n\n\n\n<p>******<\/p>\n\n\n\n<p>D\u2019Generalversammlung ass den 19.09.2025\u00a0em 19:00 an der Saal Aula zu Reiden.<\/p>\n\n\n\n<p>D\u2018Entente Jeunesse Atertdaul sicht Fr\u00e4iw\u00eblleger fir am Comit\u00e9 ze h\u00ebllefen oder einfach n\u00ebmme bei de Matcher (z.B. beim Opriichten oder an der Buvette). D\u2019Generalversammlung ass d&rsquo;Occasioun eisen assoziativen Emfeld ze entd\u00ebcken.<\/p>\n\n\n\n<div data-wp-interactive=\"core\/file\" class=\"wp-block-file\"><object data-wp-bind--hidden=\"!state.hasPdfPreview\" hidden class=\"wp-block-file__embed\" data=\"https:\/\/eja.lu\/wp-content\/uploads\/2025\/09\/Invitation_AG_09_2025.pdf\" type=\"application\/pdf\" style=\"width:100%;height:600px\" aria-label=\"Contenu embarqu\u00e9 Invitation_AG_09_2025.\"><\/object><a id=\"wp-block-file--media-b972798c-92d3-46ce-98b4-ee2502902891\" href=\"https:\/\/eja.lu\/wp-content\/uploads\/2025\/09\/Invitation_AG_09_2025.pdf\">Invitation_AG_09_2025<\/a><a href=\"https:\/\/eja.lu\/wp-content\/uploads\/2025\/09\/Invitation_AG_09_2025.pdf\" class=\"wp-block-file__button wp-element-button\" download aria-describedby=\"wp-block-file--media-b972798c-92d3-46ce-98b4-ee2502902891\">T\u00e9l\u00e9charger<\/a><\/div>\n","protected":false},"excerpt":{"rendered":"<p>L&rsquo;Assembl\u00e9e G\u00e9n\u00e9rale de l&rsquo;EJA aura lieu le 19 septembre 2025 \u00e0 19h00 \u00e0 la salle Aula \u00e0 R\u00e9dange. L&rsquo;Entente Jeunesse Atertdaul recherche des b\u00e9n\u00e9voles, que ce soit au sein du comit\u00e9, lors de tout \u00e9v\u00e8nement sportif ou match de championnat pour donner un coup de main. L&rsquo;Assembl\u00e9e G\u00e9n\u00e9rale est l&rsquo;occasion de d\u00e9couvrir notre milieu associatif. [&hellip;]<\/p>\n","protected":false},"author":3,"featured_media":2248,"comment_status":"closed","ping_status":"closed","sticky":false,"template":"","format":"standard","meta":{"footnotes":""},"categories":[39],"tags":[],"class_list":["post-3755","post","type-post","status-publish","format-standard","has-post-thumbnail","hentry","category-news"],"_links":{"self":[{"href":"https:\/\/eja.lu\/index.php\/wp-json\/wp\/v2\/posts\/3755","targetHints":{"allow":["GET"]}}],"collection":[{"href":"https:\/\/eja.lu\/index.php\/wp-json\/wp\/v2\/posts"}],"about":[{"href":"https:\/\/eja.lu\/index.php\/wp-json\/wp\/v2\/types\/post"}],"author":[{"embeddable":true,"href":"https:\/\/eja.lu\/index.php\/wp-json\/wp\/v2\/users\/3"}],"replies":[{"embeddable":true,"href":"https:\/\/eja.lu\/index.php\/wp-json\/wp\/v2\/comments?post=3755"}],"version-history":[{"count":1,"href":"https:\/\/eja.lu\/index.php\/wp-json\/wp\/v2\/posts\/3755\/revisions"}],"predecessor-version":[{"id":3757,"href":"https:\/\/eja.lu\/index.php\/wp-json\/wp\/v2\/posts\/3755\/revisions\/3757"}],"wp:featuredmedia":[{"embeddable":true,"href":"https:\/\/eja.lu\/index.php\/wp-json\/wp\/v2\/media\/2248"}],"wp:attachment":[{"href":"https:\/\/eja.lu\/index.php\/wp-json\/wp\/v2\/media?parent=3755"}],"wp:term":[{"taxonomy":"category","embeddable":true,"href":"https:\/\/eja.lu\/index.php\/wp-json\/wp\/v2\/categories?post=3755"},{"taxonomy":"post_tag","embeddable":true,"href":"https:\/\/eja.lu\/index.php\/wp-json\/wp\/v2\/tags?post=3755"}],"curies":[{"name":"wp","href":"https:\/\/api.w.org\/{rel}","templated":true}]}}