{"id":3902,"date":"2025-10-11T11:13:52","date_gmt":"2025-10-11T09:13:52","guid":{"rendered":"https:\/\/eja.lu\/?p=3902"},"modified":"2025-10-11T11:14:22","modified_gmt":"2025-10-11T09:14:22","slug":"stage-de-foot","status":"publish","type":"post","link":"https:\/\/eja.lu\/index.php\/2025\/10\/11\/stage-de-foot\/","title":{"rendered":"Stage de foot 2026"},"content":{"rendered":"\n<p>L&rsquo;\u00e9cole de football du FC St. Pauli 2026 se d\u00e9roulera pendant les vacances de la Pentec\u00f4te (4 jours du 26 au 29 mai 2026) sur le terrain de Bettborn (Pr\u00e9izerdaul).<\/p>\n\n\n\n<p>L&rsquo;\u00e9cole de football est destin\u00e9e aux enfants \u00e2g\u00e9s de 6 \u00e0 13 ans (cat\u00e9gorie Minimes incluse).<\/p>\n\n\n\n<p>Il y aura un stage pour les joueurs de champs et \u00e9galement un stage sp\u00e9cifique pour les gardiens de but.<\/p>\n\n\n\n<p>L&rsquo;inscription pour les enfants de l&rsquo;EJA sera prioritaire. Plus d&rsquo;information dans les groupes Whatsapp au courant du mois de novembre 2025.<\/p>\n\n\n\n<p><\/p>\n\n\n\n<p><\/p>\n\n\n\n<p><\/p>\n","protected":false},"excerpt":{"rendered":"<p>L&rsquo;\u00e9cole de football du FC St. Pauli 2026 se d\u00e9roulera pendant les vacances de la Pentec\u00f4te (4 jours du 26 au 29 mai 2026) sur le terrain de Bettborn (Pr\u00e9izerdaul). L&rsquo;\u00e9cole de football est destin\u00e9e aux enfants \u00e2g\u00e9s de 6 \u00e0 13 ans (cat\u00e9gorie Minimes incluse). Il y aura un stage pour les joueurs de [&hellip;]<\/p>\n","protected":false},"author":3,"featured_media":1388,"comment_status":"closed","ping_status":"closed","sticky":false,"template":"","format":"standard","meta":{"footnotes":""},"categories":[39],"tags":[],"class_list":["post-3902","post","type-post","status-publish","format-standard","has-post-thumbnail","hentry","category-news"],"_links":{"self":[{"href":"https:\/\/eja.lu\/index.php\/wp-json\/wp\/v2\/posts\/3902","targetHints":{"allow":["GET"]}}],"collection":[{"href":"https:\/\/eja.lu\/index.php\/wp-json\/wp\/v2\/posts"}],"about":[{"href":"https:\/\/eja.lu\/index.php\/wp-json\/wp\/v2\/types\/post"}],"author":[{"embeddable":true,"href":"https:\/\/eja.lu\/index.php\/wp-json\/wp\/v2\/users\/3"}],"replies":[{"embeddable":true,"href":"https:\/\/eja.lu\/index.php\/wp-json\/wp\/v2\/comments?post=3902"}],"version-history":[{"count":2,"href":"https:\/\/eja.lu\/index.php\/wp-json\/wp\/v2\/posts\/3902\/revisions"}],"predecessor-version":[{"id":3904,"href":"https:\/\/eja.lu\/index.php\/wp-json\/wp\/v2\/posts\/3902\/revisions\/3904"}],"wp:featuredmedia":[{"embeddable":true,"href":"https:\/\/eja.lu\/index.php\/wp-json\/wp\/v2\/media\/1388"}],"wp:attachment":[{"href":"https:\/\/eja.lu\/index.php\/wp-json\/wp\/v2\/media?parent=3902"}],"wp:term":[{"taxonomy":"category","embeddable":true,"href":"https:\/\/eja.lu\/index.php\/wp-json\/wp\/v2\/categories?post=3902"},{"taxonomy":"post_tag","embeddable":true,"href":"https:\/\/eja.lu\/index.php\/wp-json\/wp\/v2\/tags?post=3902"}],"curies":[{"name":"wp","href":"https:\/\/api.w.org\/{rel}","templated":true}]}}