{"id":3912,"date":"2025-10-12T15:15:44","date_gmt":"2025-10-12T13:15:44","guid":{"rendered":"https:\/\/eja.lu\/?p=3912"},"modified":"2025-10-12T15:29:38","modified_gmt":"2025-10-12T13:29:38","slug":"les-minimes-i-montent-en-classe-2","status":"publish","type":"post","link":"https:\/\/eja.lu\/index.php\/2025\/10\/12\/les-minimes-i-montent-en-classe-2\/","title":{"rendered":"Les Minimes I montent en classe 2 !"},"content":{"rendered":"\n<p>Gr\u00e2ce \u00e0 un parcours sans faute depuis le d\u00e9but du championnat les Minimes I ont valid\u00e9 samedi leur mont\u00e9e en classe 2.<\/p>\n\n\n\n<p>Bravo \u00e0 Ben, Mateo, Pascal, Yves, Ylias, Dean, Noah, Tristan, Lendi, Maxime, Nathan, Jamel et \u00e0 leurs entra\u00eeneurs Olivier et Marc pour cette phase 1.<\/p>\n\n\n\n<figure class=\"wp-block-image size-full\"><img loading=\"lazy\" decoding=\"async\" width=\"752\" height=\"419\" src=\"https:\/\/eja.lu\/wp-content\/uploads\/2025\/10\/image.png\" alt=\"\" class=\"wp-image-3914\" srcset=\"https:\/\/eja.lu\/wp-content\/uploads\/2025\/10\/image.png 752w, https:\/\/eja.lu\/wp-content\/uploads\/2025\/10\/image-300x167.png 300w, https:\/\/eja.lu\/wp-content\/uploads\/2025\/10\/image-128x71.png 128w, https:\/\/eja.lu\/wp-content\/uploads\/2025\/10\/image-32x18.png 32w\" sizes=\"auto, (max-width: 752px) 100vw, 752px\" \/><\/figure>\n\n\n\n<p><\/p>\n\n\n\n<p><\/p>\n\n\n\n<p><\/p>\n\n\n\n<p><\/p>\n","protected":false},"excerpt":{"rendered":"<p>Gr\u00e2ce \u00e0 un parcours sans faute depuis le d\u00e9but du championnat les Minimes I ont valid\u00e9 samedi leur mont\u00e9e en classe 2. Bravo \u00e0 Ben, Mateo, Pascal, Yves, Ylias, Dean, Noah, Tristan, Lendi, Maxime, Nathan, Jamel et \u00e0 leurs entra\u00eeneurs Olivier et Marc pour cette phase 1.<\/p>\n","protected":false},"author":3,"featured_media":3913,"comment_status":"closed","ping_status":"closed","sticky":false,"template":"","format":"standard","meta":{"footnotes":""},"categories":[39],"tags":[],"class_list":["post-3912","post","type-post","status-publish","format-standard","has-post-thumbnail","hentry","category-news"],"_links":{"self":[{"href":"https:\/\/eja.lu\/index.php\/wp-json\/wp\/v2\/posts\/3912","targetHints":{"allow":["GET"]}}],"collection":[{"href":"https:\/\/eja.lu\/index.php\/wp-json\/wp\/v2\/posts"}],"about":[{"href":"https:\/\/eja.lu\/index.php\/wp-json\/wp\/v2\/types\/post"}],"author":[{"embeddable":true,"href":"https:\/\/eja.lu\/index.php\/wp-json\/wp\/v2\/users\/3"}],"replies":[{"embeddable":true,"href":"https:\/\/eja.lu\/index.php\/wp-json\/wp\/v2\/comments?post=3912"}],"version-history":[{"count":2,"href":"https:\/\/eja.lu\/index.php\/wp-json\/wp\/v2\/posts\/3912\/revisions"}],"predecessor-version":[{"id":3916,"href":"https:\/\/eja.lu\/index.php\/wp-json\/wp\/v2\/posts\/3912\/revisions\/3916"}],"wp:featuredmedia":[{"embeddable":true,"href":"https:\/\/eja.lu\/index.php\/wp-json\/wp\/v2\/media\/3913"}],"wp:attachment":[{"href":"https:\/\/eja.lu\/index.php\/wp-json\/wp\/v2\/media?parent=3912"}],"wp:term":[{"taxonomy":"category","embeddable":true,"href":"https:\/\/eja.lu\/index.php\/wp-json\/wp\/v2\/categories?post=3912"},{"taxonomy":"post_tag","embeddable":true,"href":"https:\/\/eja.lu\/index.php\/wp-json\/wp\/v2\/tags?post=3912"}],"curies":[{"name":"wp","href":"https:\/\/api.w.org\/{rel}","templated":true}]}}