{"id":3934,"date":"2025-10-21T05:38:40","date_gmt":"2025-10-21T03:38:40","guid":{"rendered":"https:\/\/eja.lu\/?p=3934"},"modified":"2025-10-21T09:30:04","modified_gmt":"2025-10-21T07:30:04","slug":"minimes-ii-sinn-och-gestiegen","status":"publish","type":"post","link":"https:\/\/eja.lu\/index.php\/2025\/10\/21\/minimes-ii-sinn-och-gestiegen\/","title":{"rendered":"Minimes II sinn och gestiegen"},"content":{"rendered":"\n<p>Les Minimes II ont \u00e9galement valid\u00e9 samedi leur mont\u00e9e en classe sup\u00e9rieure. Ils sont all\u00e9s chercher le match nul \u00e0 Mersch (3-3) et finissent la premi\u00e8re phase du championnat invaincus!<\/p>\n\n\n\n<p>Bravo et bon repos \u00e0 Alexandre, Mahir, Liam, Eddy, Yassin, Ben, Lendi, Oscar, Pedro, Mathis, Paul, Matteo, Jamel, William, Jacques, Enzo, Noah, Lieven et \u00e0 leurs entra\u00eeneurs Marc et Olivier.<\/p>\n\n\n\n<figure class=\"wp-block-image size-full\"><img loading=\"lazy\" decoding=\"async\" width=\"786\" height=\"505\" src=\"https:\/\/eja.lu\/wp-content\/uploads\/2025\/10\/image-3.png\" alt=\"\" class=\"wp-image-3935\" srcset=\"https:\/\/eja.lu\/wp-content\/uploads\/2025\/10\/image-3.png 786w, https:\/\/eja.lu\/wp-content\/uploads\/2025\/10\/image-3-300x193.png 300w, https:\/\/eja.lu\/wp-content\/uploads\/2025\/10\/image-3-768x493.png 768w, https:\/\/eja.lu\/wp-content\/uploads\/2025\/10\/image-3-128x82.png 128w, https:\/\/eja.lu\/wp-content\/uploads\/2025\/10\/image-3-32x21.png 32w\" sizes=\"auto, (max-width: 786px) 100vw, 786px\" \/><\/figure>\n\n\n\n<p><\/p>\n\n\n\n<p><\/p>\n\n\n\n<p><\/p>\n","protected":false},"excerpt":{"rendered":"<p>Les Minimes II ont \u00e9galement valid\u00e9 samedi leur mont\u00e9e en classe sup\u00e9rieure. Ils sont all\u00e9s chercher le match nul \u00e0 Mersch (3-3) et finissent la premi\u00e8re phase du championnat invaincus! Bravo et bon repos \u00e0 Alexandre, Mahir, Liam, Eddy, Yassin, Ben, Lendi, Oscar, Pedro, Mathis, Paul, Matteo, Jamel, William, Jacques, Enzo, Noah, Lieven et \u00e0 [&hellip;]<\/p>\n","protected":false},"author":3,"featured_media":3936,"comment_status":"closed","ping_status":"closed","sticky":false,"template":"","format":"standard","meta":{"footnotes":""},"categories":[39],"tags":[],"class_list":["post-3934","post","type-post","status-publish","format-standard","has-post-thumbnail","hentry","category-news"],"_links":{"self":[{"href":"https:\/\/eja.lu\/index.php\/wp-json\/wp\/v2\/posts\/3934","targetHints":{"allow":["GET"]}}],"collection":[{"href":"https:\/\/eja.lu\/index.php\/wp-json\/wp\/v2\/posts"}],"about":[{"href":"https:\/\/eja.lu\/index.php\/wp-json\/wp\/v2\/types\/post"}],"author":[{"embeddable":true,"href":"https:\/\/eja.lu\/index.php\/wp-json\/wp\/v2\/users\/3"}],"replies":[{"embeddable":true,"href":"https:\/\/eja.lu\/index.php\/wp-json\/wp\/v2\/comments?post=3934"}],"version-history":[{"count":2,"href":"https:\/\/eja.lu\/index.php\/wp-json\/wp\/v2\/posts\/3934\/revisions"}],"predecessor-version":[{"id":3938,"href":"https:\/\/eja.lu\/index.php\/wp-json\/wp\/v2\/posts\/3934\/revisions\/3938"}],"wp:featuredmedia":[{"embeddable":true,"href":"https:\/\/eja.lu\/index.php\/wp-json\/wp\/v2\/media\/3936"}],"wp:attachment":[{"href":"https:\/\/eja.lu\/index.php\/wp-json\/wp\/v2\/media?parent=3934"}],"wp:term":[{"taxonomy":"category","embeddable":true,"href":"https:\/\/eja.lu\/index.php\/wp-json\/wp\/v2\/categories?post=3934"},{"taxonomy":"post_tag","embeddable":true,"href":"https:\/\/eja.lu\/index.php\/wp-json\/wp\/v2\/tags?post=3934"}],"curies":[{"name":"wp","href":"https:\/\/api.w.org\/{rel}","templated":true}]}}