{"id":3947,"date":"2025-10-23T05:45:05","date_gmt":"2025-10-23T03:45:05","guid":{"rendered":"https:\/\/eja.lu\/?p=3947"},"modified":"2025-10-23T08:04:17","modified_gmt":"2025-10-23T06:04:17","slug":"david-contre-goliath","status":"publish","type":"post","link":"https:\/\/eja.lu\/index.php\/2025\/10\/23\/david-contre-goliath\/","title":{"rendered":"David contre Goliath"},"content":{"rendered":"\n<p>Week-end de coupe pour les cat\u00e9gories sup\u00e9rieures!<\/p>\n\n\n\n<p>Une des affiches des 16\u00e8 de finale de la coupe U17 aura lieu \u00e0 <strong>Bettborn <\/strong>o\u00f9 les <strong>Cadets <\/strong>de l&rsquo;Entente EJA\/Rambrouch\/Perl\u00e9 tenteront de faire chuter le F91 Dudelange (pensionnaire de Classe 1). La t\u00e2che s&rsquo;annonce difficile mais c&rsquo;est un match de coupe et tout est possible alors venez nombreux soutenir les Cadets ce dimanche \u00e0 Bettborn !<\/p>\n\n\n\n<figure class=\"wp-block-image size-full\"><img loading=\"lazy\" decoding=\"async\" width=\"420\" height=\"158\" src=\"https:\/\/eja.lu\/wp-content\/uploads\/2025\/10\/image-4.png\" alt=\"\" class=\"wp-image-3949\" srcset=\"https:\/\/eja.lu\/wp-content\/uploads\/2025\/10\/image-4.png 420w, https:\/\/eja.lu\/wp-content\/uploads\/2025\/10\/image-4-300x113.png 300w, https:\/\/eja.lu\/wp-content\/uploads\/2025\/10\/image-4-128x48.png 128w, https:\/\/eja.lu\/wp-content\/uploads\/2025\/10\/image-4-32x12.png 32w\" sizes=\"auto, (max-width: 420px) 100vw, 420px\" \/><\/figure>\n\n\n\n<p><\/p>\n\n\n\n<p>Les Minimes de l&rsquo;EJA fraichement promus en Classe 2 iront d\u00e9fier le Swift (\u00e9galement pensionnaire de Classe 2) ce samedi \u00e0 Hesperange en 32\u00e8 de finale de la coupe U13.<\/p>\n\n\n\n<p>Enfin les Scolaires de l&rsquo;Entente Rambrouch\/Perl\u00e9\/EJA rencontreront les voisins de la Jeunesse Useldange en 32\u00e8 de finale de la coupe U15 ce samedi.<\/p>\n\n\n\n<p><\/p>\n\n\n\n<p><\/p>\n\n\n\n<p><\/p>\n","protected":false},"excerpt":{"rendered":"<p>Week-end de coupe pour les cat\u00e9gories sup\u00e9rieures! Une des affiches des 16\u00e8 de finale de la coupe U17 aura lieu \u00e0 Bettborn o\u00f9 les Cadets de l&rsquo;Entente EJA\/Rambrouch\/Perl\u00e9 tenteront de faire chuter le F91 Dudelange (pensionnaire de Classe 1). La t\u00e2che s&rsquo;annonce difficile mais c&rsquo;est un match de coupe et tout est possible alors venez [&hellip;]<\/p>\n","protected":false},"author":3,"featured_media":3948,"comment_status":"closed","ping_status":"closed","sticky":false,"template":"","format":"standard","meta":{"footnotes":""},"categories":[38],"tags":[],"class_list":["post-3947","post","type-post","status-publish","format-standard","has-post-thumbnail","hentry","category-event"],"_links":{"self":[{"href":"https:\/\/eja.lu\/index.php\/wp-json\/wp\/v2\/posts\/3947","targetHints":{"allow":["GET"]}}],"collection":[{"href":"https:\/\/eja.lu\/index.php\/wp-json\/wp\/v2\/posts"}],"about":[{"href":"https:\/\/eja.lu\/index.php\/wp-json\/wp\/v2\/types\/post"}],"author":[{"embeddable":true,"href":"https:\/\/eja.lu\/index.php\/wp-json\/wp\/v2\/users\/3"}],"replies":[{"embeddable":true,"href":"https:\/\/eja.lu\/index.php\/wp-json\/wp\/v2\/comments?post=3947"}],"version-history":[{"count":6,"href":"https:\/\/eja.lu\/index.php\/wp-json\/wp\/v2\/posts\/3947\/revisions"}],"predecessor-version":[{"id":3957,"href":"https:\/\/eja.lu\/index.php\/wp-json\/wp\/v2\/posts\/3947\/revisions\/3957"}],"wp:featuredmedia":[{"embeddable":true,"href":"https:\/\/eja.lu\/index.php\/wp-json\/wp\/v2\/media\/3948"}],"wp:attachment":[{"href":"https:\/\/eja.lu\/index.php\/wp-json\/wp\/v2\/media?parent=3947"}],"wp:term":[{"taxonomy":"category","embeddable":true,"href":"https:\/\/eja.lu\/index.php\/wp-json\/wp\/v2\/categories?post=3947"},{"taxonomy":"post_tag","embeddable":true,"href":"https:\/\/eja.lu\/index.php\/wp-json\/wp\/v2\/tags?post=3947"}],"curies":[{"name":"wp","href":"https:\/\/api.w.org\/{rel}","templated":true}]}}